{"id":106,"date":"2025-02-01T18:20:20","date_gmt":"2025-02-01T18:20:20","guid":{"rendered":"https:\/\/las3banderas.com\/guardasambientales\/?p=106"},"modified":"2025-02-04T19:33:05","modified_gmt":"2025-02-04T19:33:05","slug":"un-viernes-inolvidable","status":"publish","type":"post","link":"https:\/\/las3banderas.com\/guardasambientales\/2025\/02\/01\/un-viernes-inolvidable\/","title":{"rendered":"UN VIERNES INOLVIDABLE"},"content":{"rendered":"\n<p>Ayer, 31 de enero, fue un d\u00eda lleno de emociones y esperanza para nuestro equipo de voluntarios. Se realiz\u00f3 la presentaci\u00f3n del plan de acciones 2025, donde se destacaron los 3 ejes principales: Percepci\u00f3n del riesgo, Preparaci\u00f3n y Prevenci\u00f3n.<\/p>\n\n\n\n<p>Tambi\u00e9n, tuvimos el placer de dar la bienvenida a nuestra nueva coordinadora de gesti\u00f3n, Lic. Carolina Busquier, quien se encargar\u00e1 de afianzar la institucionalizaci\u00f3n del cuerpo de guardas ambientales como <a><\/a>promotores de reducci\u00f3n del riesgo.<\/p>\n\n\n\n<figure class=\"wp-block-image aligncenter size-large is-resized\"><img loading=\"lazy\" decoding=\"async\" width=\"1024\" height=\"576\" src=\"https:\/\/las3banderas.com\/guardasambientales\/wp-content\/uploads\/2025\/02\/e-1024x576.jpg\" alt=\"\" class=\"wp-image-107\" style=\"width:338px;height:auto\" srcset=\"https:\/\/las3banderas.com\/guardasambientales\/wp-content\/uploads\/2025\/02\/e-1024x576.jpg 1024w, https:\/\/las3banderas.com\/guardasambientales\/wp-content\/uploads\/2025\/02\/e-300x169.jpg 300w, https:\/\/las3banderas.com\/guardasambientales\/wp-content\/uploads\/2025\/02\/e-768x432.jpg 768w, https:\/\/las3banderas.com\/guardasambientales\/wp-content\/uploads\/2025\/02\/e.jpg 1366w\" sizes=\"auto, (max-width: 1024px) 100vw, 1024px\" \/><\/figure>\n\n\n\n<p>Facundo Celasco, creador del proyecto, nos record\u00f3 que nuestro objetivo principal es lograr un cambio de paradigma en las comunidades y que nuestra meta es tener un grupo de voluntarios en cada municipio del pa\u00eds.<\/p>\n\n\n\n<p>Se present\u00f3 al equipo de capacitaci\u00f3n, de la mano de excelentes profesionales como Carolina Busquier, Flor Cafarelli, Mar\u00eda Laura Dure, Ver\u00f3nica Martins, Walter Taboada y Javier Alonso entre otros.<\/p>\n\n\n\n<figure class=\"wp-block-gallery has-nested-images columns-default is-cropped wp-block-gallery-1 is-layout-flex wp-block-gallery-is-layout-flex\">\n<figure class=\"wp-block-image size-large\"><img loading=\"lazy\" decoding=\"async\" width=\"1024\" height=\"398\" data-id=\"108\" src=\"https:\/\/las3banderas.com\/guardasambientales\/wp-content\/uploads\/2025\/02\/d-1024x398.jpg\" alt=\"\" class=\"wp-image-108\" srcset=\"https:\/\/las3banderas.com\/guardasambientales\/wp-content\/uploads\/2025\/02\/d-1024x398.jpg 1024w, https:\/\/las3banderas.com\/guardasambientales\/wp-content\/uploads\/2025\/02\/d-300x117.jpg 300w, https:\/\/las3banderas.com\/guardasambientales\/wp-content\/uploads\/2025\/02\/d-768x298.jpg 768w, https:\/\/las3banderas.com\/guardasambientales\/wp-content\/uploads\/2025\/02\/d.jpg 1310w\" sizes=\"auto, (max-width: 1024px) 100vw, 1024px\" \/><\/figure>\n\n\n\n<figure class=\"wp-block-image size-large\"><img loading=\"lazy\" decoding=\"async\" width=\"1024\" height=\"463\" data-id=\"110\" src=\"https:\/\/las3banderas.com\/guardasambientales\/wp-content\/uploads\/2025\/02\/c-1024x463.jpg\" alt=\"\" class=\"wp-image-110\" srcset=\"https:\/\/las3banderas.com\/guardasambientales\/wp-content\/uploads\/2025\/02\/c-1024x463.jpg 1024w, https:\/\/las3banderas.com\/guardasambientales\/wp-content\/uploads\/2025\/02\/c-300x136.jpg 300w, https:\/\/las3banderas.com\/guardasambientales\/wp-content\/uploads\/2025\/02\/c-768x348.jpg 768w, https:\/\/las3banderas.com\/guardasambientales\/wp-content\/uploads\/2025\/02\/c.jpg 1297w\" sizes=\"auto, (max-width: 1024px) 100vw, 1024px\" \/><\/figure>\n\n\n\n<figure class=\"wp-block-image size-large\"><img loading=\"lazy\" decoding=\"async\" width=\"1024\" height=\"471\" data-id=\"109\" src=\"https:\/\/las3banderas.com\/guardasambientales\/wp-content\/uploads\/2025\/02\/a-1024x471.jpg\" alt=\"\" class=\"wp-image-109\" srcset=\"https:\/\/las3banderas.com\/guardasambientales\/wp-content\/uploads\/2025\/02\/a-1024x471.jpg 1024w, https:\/\/las3banderas.com\/guardasambientales\/wp-content\/uploads\/2025\/02\/a-300x138.jpg 300w, https:\/\/las3banderas.com\/guardasambientales\/wp-content\/uploads\/2025\/02\/a-768x353.jpg 768w, https:\/\/las3banderas.com\/guardasambientales\/wp-content\/uploads\/2025\/02\/a.jpg 1303w\" sizes=\"auto, (max-width: 1024px) 100vw, 1024px\" \/><\/figure>\n<\/figure>\n\n\n\n<p>Silvia Romero, quien trabaj\u00f3 incansablemente en la organizaci\u00f3n y estructura del cuerpo de guardas ambientales en 2024, nos inspir\u00f3 citando al ap\u00f3stol Pablo con las palabras: \u00abYo plant\u00e9, Apolos reg\u00f3 y Dios lo hace crecer. Creemos firmemente que es el tiempo de crecimiento, y que vendr\u00e1 de la mano de cada voluntario\/a que se una a nuestra causa, regando con este nuevo paradigma en beneficio de cada comunidad y de la Argentina.\u00bb<\/p>\n\n\n\n<figure class=\"wp-block-image aligncenter size-full is-resized\"><img loading=\"lazy\" decoding=\"async\" width=\"762\" height=\"785\" src=\"https:\/\/las3banderas.com\/guardasambientales\/wp-content\/uploads\/2025\/02\/b.jpg\" alt=\"\" class=\"wp-image-111\" style=\"width:403px;height:auto\" srcset=\"https:\/\/las3banderas.com\/guardasambientales\/wp-content\/uploads\/2025\/02\/b.jpg 762w, https:\/\/las3banderas.com\/guardasambientales\/wp-content\/uploads\/2025\/02\/b-291x300.jpg 291w\" sizes=\"auto, (max-width: 762px) 100vw, 762px\" \/><\/figure>\n\n\n\n<p>Agradecemos a cada uno\/a de los guardas ambientales que hacen posible este voluntariado de h\u00e9roes colectivos: <a href=\"https:\/\/www.facebook.com\/GAEstebanEcheverria?__cft__[0]=AZVp0Z5jU19sitYV7z5CD1wFn3PYh-EPfXEymAqIZSEf60f2B03EdNX6rX0aIJ3wOQTNxxNnjkN75Z1XB3kedvQhvQ2xKw1gsodbnaNQ7dozRIdnqgjbUOhZqiAIx5nQ78tODKTfoXHSriHQLlhHuLK6fcxqNgvjV3OxMWH9879idq0skpENb-pipP2n1E7M6qcPNiEpiYPJsljZ4_Ffyv8l&amp;__tn__=-]K-R\">GA Esteban Echeverria<\/a> , Pila, La Plata, Lincoln, Tigre, <a href=\"https:\/\/www.facebook.com\/profile.php?id=61566831028019&amp;__cft__[0]=AZVp0Z5jU19sitYV7z5CD1wFn3PYh-EPfXEymAqIZSEf60f2B03EdNX6rX0aIJ3wOQTNxxNnjkN75Z1XB3kedvQhvQ2xKw1gsodbnaNQ7dozRIdnqgjbUOhZqiAIx5nQ78tODKTfoXHSriHQLlhHuLK6fcxqNgvjV3OxMWH9879idq0skpENb-pipP2n1E7M6qcPNiEpiYPJsljZ4_Ffyv8l&amp;__tn__=-]K-R\">GA Posadas<\/a> , Brandsen, <a href=\"https:\/\/www.facebook.com\/profile.php?id=61556790171701&amp;__cft__[0]=AZVp0Z5jU19sitYV7z5CD1wFn3PYh-EPfXEymAqIZSEf60f2B03EdNX6rX0aIJ3wOQTNxxNnjkN75Z1XB3kedvQhvQ2xKw1gsodbnaNQ7dozRIdnqgjbUOhZqiAIx5nQ78tODKTfoXHSriHQLlhHuLK6fcxqNgvjV3OxMWH9879idq0skpENb-pipP2n1E7M6qcPNiEpiYPJsljZ4_Ffyv8l&amp;__tn__=-]K-R\">GA Dolores<\/a>, Quilmes , Balcarce, Azul y las provincias de Jujuy, Misiones, La Pampa, Chaco, <a href=\"https:\/\/www.facebook.com\/profile.php?id=61566939224535&amp;__cft__[0]=AZVp0Z5jU19sitYV7z5CD1wFn3PYh-EPfXEymAqIZSEf60f2B03EdNX6rX0aIJ3wOQTNxxNnjkN75Z1XB3kedvQhvQ2xKw1gsodbnaNQ7dozRIdnqgjbUOhZqiAIx5nQ78tODKTfoXHSriHQLlhHuLK6fcxqNgvjV3OxMWH9879idq0skpENb-pipP2n1E7M6qcPNiEpiYPJsljZ4_Ffyv8l&amp;__tn__=-]K-R\">GA San Juan<\/a> y todas las personas que se est\u00e1n sumando para abrir una sede en su comunidad.<\/p>\n\n\n\n<p class=\"has-text-align-center\"><strong><em>LOS VOLUNTARIOS NO NECESARIAMENTE TIENEN TIEMPO, SOLO TIENEN CORAZ\u00d3N<\/em><\/strong><\/p>\n\n\n\n<p>\u00a1Estamos emocionados de empezar este nuevo cap\u00edtulo! \u00a1Unite a nosotros como voluntario! \u00a1S\u00e9 promotor de reducci\u00f3n del riesgo, unidos podemos hacer una diferencia en la vida de los dem\u00e1s!<\/p>\n\n\n\n<p><\/p>\n\n\n\n<p><mark style=\"background-color:rgba(0, 0, 0, 0)\" class=\"has-inline-color has-secondary-color\">SEGUINOS EN NUESTRAS REDES<\/mark><\/p>\n\n\n\n<p><strong><a href=\"https:\/\/www.facebook.com\/profile.php?id=61556461586459\">Facebook <\/a><\/strong>: Guardas Ambientales<strong> <\/strong><\/p>\n\n\n\n<p><a href=\"https:\/\/whatsapp.com\/channel\/0029VaacgOtG8l59EBHA6P43\"><strong>Canal de Whatsapp<\/strong>: <\/a> Guardas Ambientales <\/p>\n\n\n\n<p><strong><a href=\"https:\/\/www.instagram.com\/guardasambientales.ok?igsh=MTcxNHkyY3d1eWQ0cg==\">Instagram: @guardasambientales.ok<br><\/a><a href=\"http:\/\/www.las3banderas.com\/guardasambientales\/\">Web <\/a><\/strong>: Guardas Ambientales<\/p>\n\n\n\n<p><a href=\"https:\/\/www.facebook.com\/hashtag\/h%C3%A9roescolectivos?__eep__=6&amp;__cft__[0]=AZVp0Z5jU19sitYV7z5CD1wFn3PYh-EPfXEymAqIZSEf60f2B03EdNX6rX0aIJ3wOQTNxxNnjkN75Z1XB3kedvQhvQ2xKw1gsodbnaNQ7dozRIdnqgjbUOhZqiAIx5nQ78tODKTfoXHSriHQLlhHuLK6fcxqNgvjV3OxMWH9879idq0skpENb-pipP2n1E7M6qcPNiEpiYPJsljZ4_Ffyv8l&amp;__tn__=*NK-R\">#h\u00e9roescolectivos<\/a><\/p>\n\n\n\n<p><a href=\"https:\/\/www.facebook.com\/hashtag\/prevencio%CC%81nderiesgos?__eep__=6&amp;__cft__[0]=AZVp0Z5jU19sitYV7z5CD1wFn3PYh-EPfXEymAqIZSEf60f2B03EdNX6rX0aIJ3wOQTNxxNnjkN75Z1XB3kedvQhvQ2xKw1gsodbnaNQ7dozRIdnqgjbUOhZqiAIx5nQ78tODKTfoXHSriHQLlhHuLK6fcxqNgvjV3OxMWH9879idq0skpENb-pipP2n1E7M6qcPNiEpiYPJsljZ4_Ffyv8l&amp;__tn__=*NK-R\">#Prevenci\u00f3nDeRiesgos<\/a><\/p>\n\n\n\n<p><a href=\"https:\/\/www.facebook.com\/hashtag\/guardasambientales?__eep__=6&amp;__cft__[0]=AZVp0Z5jU19sitYV7z5CD1wFn3PYh-EPfXEymAqIZSEf60f2B03EdNX6rX0aIJ3wOQTNxxNnjkN75Z1XB3kedvQhvQ2xKw1gsodbnaNQ7dozRIdnqgjbUOhZqiAIx5nQ78tODKTfoXHSriHQLlhHuLK6fcxqNgvjV3OxMWH9879idq0skpENb-pipP2n1E7M6qcPNiEpiYPJsljZ4_Ffyv8l&amp;__tn__=*NK-R\">#GuardasAmbientales<\/a><\/p>\n\n\n\n<p><a href=\"https:\/\/www.facebook.com\/hashtag\/cambiodeparadigma?__eep__=6&amp;__cft__[0]=AZVp0Z5jU19sitYV7z5CD1wFn3PYh-EPfXEymAqIZSEf60f2B03EdNX6rX0aIJ3wOQTNxxNnjkN75Z1XB3kedvQhvQ2xKw1gsodbnaNQ7dozRIdnqgjbUOhZqiAIx5nQ78tODKTfoXHSriHQLlhHuLK6fcxqNgvjV3OxMWH9879idq0skpENb-pipP2n1E7M6qcPNiEpiYPJsljZ4_Ffyv8l&amp;__tn__=*NK-R\">#CambioDeParadigma<\/a><a href=\"https:\/\/www.facebook.com\/hashtag\/reducci%C3%B3ndelriesgo?__eep__=6&amp;__cft__[0]=AZVp0Z5jU19sitYV7z5CD1wFn3PYh-EPfXEymAqIZSEf60f2B03EdNX6rX0aIJ3wOQTNxxNnjkN75Z1XB3kedvQhvQ2xKw1gsodbnaNQ7dozRIdnqgjbUOhZqiAIx5nQ78tODKTfoXHSriHQLlhHuLK6fcxqNgvjV3OxMWH9879idq0skpENb-pipP2n1E7M6qcPNiEpiYPJsljZ4_Ffyv8l&amp;__tn__=*NK-R\">#Reducci\u00f3nDelRiesgo<\/a><\/p>\n\n\n\n<p><a href=\"https:\/\/www.facebook.com\/hashtag\/voluntariado?__eep__=6&amp;__cft__[0]=AZVp0Z5jU19sitYV7z5CD1wFn3PYh-EPfXEymAqIZSEf60f2B03EdNX6rX0aIJ3wOQTNxxNnjkN75Z1XB3kedvQhvQ2xKw1gsodbnaNQ7dozRIdnqgjbUOhZqiAIx5nQ78tODKTfoXHSriHQLlhHuLK6fcxqNgvjV3OxMWH9879idq0skpENb-pipP2n1E7M6qcPNiEpiYPJsljZ4_Ffyv8l&amp;__tn__=*NK-R\">#Voluntariad<\/a>o<\/p>\n\n\n\n<p><a href=\"https:\/\/www.facebook.com\/hashtag\/argentina?__eep__=6&amp;__cft__[0]=AZVp0Z5jU19sitYV7z5CD1wFn3PYh-EPfXEymAqIZSEf60f2B03EdNX6rX0aIJ3wOQTNxxNnjkN75Z1XB3kedvQhvQ2xKw1gsodbnaNQ7dozRIdnqgjbUOhZqiAIx5nQ78tODKTfoXHSriHQLlhHuLK6fcxqNgvjV3OxMWH9879idq0skpENb-pipP2n1E7M6qcPNiEpiYPJsljZ4_Ffyv8l&amp;__tn__=*NK-R\">#Argentina<\/a><\/p>\n\n\n\n<p><a href=\"https:\/\/www.facebook.com\/hashtag\/medioambiente?__eep__=6&amp;__cft__[0]=AZVp0Z5jU19sitYV7z5CD1wFn3PYh-EPfXEymAqIZSEf60f2B03EdNX6rX0aIJ3wOQTNxxNnjkN75Z1XB3kedvQhvQ2xKw1gsodbnaNQ7dozRIdnqgjbUOhZqiAIx5nQ78tODKTfoXHSriHQLlhHuLK6fcxqNgvjV3OxMWH9879idq0skpENb-pipP2n1E7M6qcPNiEpiYPJsljZ4_Ffyv8l&amp;__tn__=*NK-R\">#MedioAmbiente<\/a><\/p>\n","protected":false},"excerpt":{"rendered":"<p>Ayer, 31 de enero, fue un d\u00eda lleno de emociones y esperanza para nuestro equipo de voluntarios. Se realiz\u00f3 la presentaci\u00f3n del plan [&hellip;]<\/p>\n","protected":false},"author":1,"featured_media":109,"comment_status":"open","ping_status":"open","sticky":false,"template":"","format":"standard","meta":{"footnotes":""},"categories":[6],"tags":[],"class_list":["post-106","post","type-post","status-publish","format-standard","has-post-thumbnail","hentry","category-noticias"],"_links":{"self":[{"href":"https:\/\/las3banderas.com\/guardasambientales\/wp-json\/wp\/v2\/posts\/106","targetHints":{"allow":["GET"]}}],"collection":[{"href":"https:\/\/las3banderas.com\/guardasambientales\/wp-json\/wp\/v2\/posts"}],"about":[{"href":"https:\/\/las3banderas.com\/guardasambientales\/wp-json\/wp\/v2\/types\/post"}],"author":[{"embeddable":true,"href":"https:\/\/las3banderas.com\/guardasambientales\/wp-json\/wp\/v2\/users\/1"}],"replies":[{"embeddable":true,"href":"https:\/\/las3banderas.com\/guardasambientales\/wp-json\/wp\/v2\/comments?post=106"}],"version-history":[{"count":1,"href":"https:\/\/las3banderas.com\/guardasambientales\/wp-json\/wp\/v2\/posts\/106\/revisions"}],"predecessor-version":[{"id":112,"href":"https:\/\/las3banderas.com\/guardasambientales\/wp-json\/wp\/v2\/posts\/106\/revisions\/112"}],"wp:featuredmedia":[{"embeddable":true,"href":"https:\/\/las3banderas.com\/guardasambientales\/wp-json\/wp\/v2\/media\/109"}],"wp:attachment":[{"href":"https:\/\/las3banderas.com\/guardasambientales\/wp-json\/wp\/v2\/media?parent=106"}],"wp:term":[{"taxonomy":"category","embeddable":true,"href":"https:\/\/las3banderas.com\/guardasambientales\/wp-json\/wp\/v2\/categories?post=106"},{"taxonomy":"post_tag","embeddable":true,"href":"https:\/\/las3banderas.com\/guardasambientales\/wp-json\/wp\/v2\/tags?post=106"}],"curies":[{"name":"wp","href":"https:\/\/api.w.org\/{rel}","templated":true}]}}